{"id":114,"__str__":"Oficios - Of\u00edcio n\u00ba 203/SME/2025 de 27/02/2025 por Fernanda Alves dos Santos Ribas - Secret\u00e1ria Municipal de Educa\u00e7\u00e3o","link_detail_backend":"/materia/documentoacessorio/114","metadata":{},"nome":"Of\u00edcio n\u00ba 203/SME/2025","data":"2025-02-27","autor":"Fernanda Alves dos Santos Ribas - Secret\u00e1ria Municipal de Educa\u00e7\u00e3o","ementa":"Indicando aos Excelent\u00edssimos Senhores Valdinei Holanda Moraes - Prefeito Municipal, e Fernanda Alves dos Santos Ribas - Secret\u00e1ria Municipal de Educa\u00e7\u00e3o, visando a amplia\u00e7\u00e3o das instala\u00e7\u00f5es da Escola Municipal Maria das Gra\u00e7as Calmon Requena, situada no Parque Alvorada, tendo em vista os desafios enfrentados pela unidade escolar quanto \u00e0 sua capacidade f\u00edsica, que atualmente se mostra insuficiente para atender de forma adequada \u00e0 crescente demanda de estudantes na regi\u00e3o.","indexacao":"","arquivo":"http://sapl.juara.mt.leg.br/media/sapl/public/documentoacessorio/2025/114/resposta_indicacao_n_008-2025-__visando_a_ampliacao_das_instalacoes_da_escola_municipal_maria_das_g.pdf","data_ultima_atualizacao":"2025-02-27T15:01:06.189252-04:00","materia":3285,"tipo":14}