{"id":52,"__str__":"Oficios - Of\u00edcio n\u00ba 743/2023 - GP de 22/09/2023 por Carlos Amadeu Sirena","link_detail_backend":"/materia/documentoacessorio/52","metadata":{},"nome":"Of\u00edcio n\u00ba 743/2023 - GP","data":"2023-09-22","autor":"Carlos Amadeu Sirena","ementa":"Requerimento n\u00b0 004/2023- Requerendo ao Excelent\u00edssimo Prefeito Municipal e \u00e0 Secret\u00e1ria de Educa\u00e7\u00e3o, informa\u00e7\u00f5es e esclarecimentos acerca das raz\u00f5es pelas quais as crian\u00e7as diagnosticadas com Transtorno do Espectro Autista (TEA) n\u00e3o est\u00e3o recebendo o devido suporte de um T\u00e9cnico em Desenvolvimento Infantil (TDI) em sala de aula, conforme prev\u00ea a Lei.","indexacao":"","arquivo":"http://sapl.juara.mt.leg.br/media/sapl/public/documentoacessorio/2023/52/requerimento_no_004-2023_-_resposta_referente_atendimento_criancas_com_tea_matriculas_na_rede_municipal.pdf","data_ultima_atualizacao":"2024-04-23T16:12:14.658748-04:00","materia":2524,"tipo":14}