{"id":1615,"__str__":"Indica\u00e7\u00e3o n\u00ba 6 de 2021","link_detail_backend":"/materia/1615","metadata":{},"numero":6,"ano":2021,"numero_protocolo":925,"data_apresentacao":"2021-08-06","tipo_apresentacao":"E","data_publicacao":null,"numero_origem_externa":"","ano_origem_externa":null,"data_origem_externa":null,"apelido":"","dias_prazo":null,"data_fim_prazo":null,"em_tramitacao":false,"polemica":false,"objeto":"","complementar":false,"ementa":"Indica\u00e7\u00e3o n\u00ba 006/2021 - Indicando a reforma do cal\u00e7amento interno, aquisi\u00e7\u00e3o de um ar condicionado, a reforma dos banheiros e uma avalia\u00e7\u00e3o do engenheiro para an\u00e1lise de constru\u00e7\u00e3o de mais um banheiro, na Creche Municipal In\u00e1cio Luiz do Nascimento.","indexacao":"","observacao":"","resultado":"","texto_original":"http://sapl.juara.mt.leg.br/media/sapl/public/materialegislativa/2021/1615/006_monica_reforma_do_calcamento_interno_e_reforma_dos_banheiros_da_creche_municipal_inacio_luiz_do_nascimento.pdf","data_ultima_atualizacao":"2022-06-15T16:32:27.835150-04:00","ip":"131.108.129.66","ultima_edicao":"2021-08-23T17:55:53.215189-04:00","tipo":8,"regime_tramitacao":1,"tipo_origem_externa":null,"local_origem_externa":null,"user":30,"anexadas":[],"autores":[119,118,122]}