{"id":1663,"__str__":"Indica\u00e7\u00e3o n\u00ba 26 de 2021","link_detail_backend":"/materia/1663","metadata":{},"numero":26,"ano":2021,"numero_protocolo":1186,"data_apresentacao":"2021-09-27","tipo_apresentacao":"E","data_publicacao":null,"numero_origem_externa":"","ano_origem_externa":null,"data_origem_externa":null,"apelido":"","dias_prazo":null,"data_fim_prazo":null,"em_tramitacao":false,"polemica":false,"objeto":"","complementar":false,"ementa":"Indica\u00e7\u00e3o n\u00ba 026/2021 - Indicando a desafeta\u00e7\u00e3o do Lote 01 da Quadra 05 do Parque Kennedy, tornando-o espa\u00e7o livre de uso p\u00fablico, com o objetivo de implantar a Pra\u00e7a P\u00fablica \u201cJornalista Paulo Becker\u201d.","indexacao":"","observacao":"","resultado":"","texto_original":"http://sapl.juara.mt.leg.br/media/sapl/public/materialegislativa/2021/1663/026_ver._markito_indicando_a_desafetacao_de_lote_para_area_publica_parque_kennedy.pdf","data_ultima_atualizacao":"2022-06-15T17:22:39.827921-04:00","ip":"131.108.129.66","ultima_edicao":"2021-10-06T15:52:20.098938-04:00","tipo":8,"regime_tramitacao":1,"tipo_origem_externa":null,"local_origem_externa":null,"user":30,"anexadas":[],"autores":[41,119,118,122]}