{"id":1667,"__str__":"Indica\u00e7\u00e3o n\u00ba 27 de 2021","link_detail_backend":"/materia/1667","metadata":{},"numero":27,"ano":2021,"numero_protocolo":null,"data_apresentacao":"2021-09-27","tipo_apresentacao":"E","data_publicacao":null,"numero_origem_externa":"","ano_origem_externa":null,"data_origem_externa":null,"apelido":"","dias_prazo":null,"data_fim_prazo":null,"em_tramitacao":false,"polemica":false,"objeto":"","complementar":false,"ementa":"Indica\u00e7\u00e3o n\u00ba 027/2021 - Indicando que realize ades\u00e3o ao Programa REM Mato Grosso, de autoria da Secretaria de Estado de Meio Ambiente (Sema-MT) que promove o plantio de mudas de \u00e1rvores em comemora\u00e7\u00e3o \u00e0 Semana do Meio Ambiente \u2013 Restaurando Ecossistemas e homenageando vidas.","indexacao":"","observacao":"Protocolo n\u00ba 001192/2021 de 27/09/2021.","resultado":"","texto_original":"http://sapl.juara.mt.leg.br/media/sapl/public/materialegislativa/2021/1667/027_sandy_indicando_o_plantio_de_arvores_em_homenagem_a_vitimas_de_covid_memorial.pdf","data_ultima_atualizacao":"2022-06-15T17:24:12.811952-04:00","ip":"131.108.129.66","ultima_edicao":"2021-10-06T16:10:14.610687-04:00","tipo":8,"regime_tramitacao":1,"tipo_origem_externa":null,"local_origem_externa":null,"user":30,"anexadas":[],"autores":[117]}