{"id":2500,"__str__":"Indica\u00e7\u00e3o n\u00ba 157 de 2023","link_detail_backend":"/materia/2500","metadata":{},"numero":157,"ano":2023,"numero_protocolo":1261,"data_apresentacao":"2023-08-18","tipo_apresentacao":"E","data_publicacao":null,"numero_origem_externa":"","ano_origem_externa":null,"data_origem_externa":null,"apelido":"","dias_prazo":null,"data_fim_prazo":null,"em_tramitacao":true,"polemica":false,"objeto":"","complementar":false,"ementa":"Indica\u00e7\u00e3o n\u00b0 036/2023 - Indicando ao Departamento Municipal de Tr\u00e2nsito, a necessidade de tornar a circula\u00e7\u00e3o da Rua Jos\u00e9 Pedro Dias via de \u201cm\u00e3o \u00fanica\u201d, no trecho compreendido entre a Avenida Mato Grosso e a Rua Curitiba.","indexacao":"","observacao":"","resultado":"","texto_original":"http://sapl.juara.mt.leg.br/media/sapl/public/materialegislativa/2023/2500/indicacao_036_-_tornar_a_rua_jose_pedro_dias_via_de_mao_unica.pdf","data_ultima_atualizacao":"2023-08-18T16:17:18.634946-04:00","ip":"131.108.129.66","ultima_edicao":"2023-08-18T16:17:18.632993-04:00","tipo":8,"regime_tramitacao":1,"tipo_origem_externa":null,"local_origem_externa":null,"user":44,"anexadas":[],"autores":[117]}