{"id":2506,"__str__":"Mo\u00e7\u00e3o de Aplauso n\u00ba 9 de 2023","link_detail_backend":"/materia/2506","metadata":{},"numero":9,"ano":2023,"numero_protocolo":1272,"data_apresentacao":"2023-08-18","tipo_apresentacao":"E","data_publicacao":null,"numero_origem_externa":"","ano_origem_externa":null,"data_origem_externa":null,"apelido":"","dias_prazo":null,"data_fim_prazo":null,"em_tramitacao":true,"polemica":false,"objeto":"","complementar":false,"ementa":"Mo\u00e7\u00e3o de Aplausos n\u00b0 002/2023-Aos advogados do munic\u00edpio de Juara-MT, em comemora\u00e7\u00e3o ao Dia do Advogado, comemorado anualmente no dia 11 de agosto.","indexacao":"","observacao":"","resultado":"","texto_original":"http://sapl.juara.mt.leg.br/media/sapl/public/materialegislativa/2023/2506/mocao_de_aplauso_002_advogados_juara_-_sessao_solene_em_comemoracao_ao_dia_dos_advogados.pdf","data_ultima_atualizacao":"2023-08-18T18:08:12.706949-04:00","ip":"131.108.129.66","ultima_edicao":"2023-08-18T18:08:12.542338-04:00","tipo":23,"regime_tramitacao":1,"tipo_origem_externa":null,"local_origem_externa":null,"user":44,"anexadas":[],"autores":[118,117]}