{"id":2663,"__str__":"Requerimento n\u00ba 107 de 2023","link_detail_backend":"/materia/2663","metadata":{},"numero":107,"ano":2023,"numero_protocolo":1821,"data_apresentacao":"2023-12-08","tipo_apresentacao":"E","data_publicacao":null,"numero_origem_externa":"","ano_origem_externa":null,"data_origem_externa":null,"apelido":"","dias_prazo":null,"data_fim_prazo":null,"em_tramitacao":true,"polemica":false,"objeto":"","complementar":false,"ementa":"Requerimento n\u00b0 008/2023- Requerendo ao Excelent\u00edssimo Prefeito Municipal, senhor Carlos Amadeu Sirena, esclarecimentos sobre o n\u00e3o pagamento de emendas parlamentares destinadas por mim, Ver. Eraldo Markito, no exerc\u00edcio da minha cidadania e representa\u00e7\u00e3o parlamentar, consignadas no or\u00e7amento para vig\u00eancia em 2023, da Prefeitura Municipal.","indexacao":"","observacao":"","resultado":"","texto_original":"http://sapl.juara.mt.leg.br/media/sapl/public/materialegislativa/2023/2663/req_008.2023_-_requerendo_informacoes_referente_falta_de_pagamento_emendas_parlamentares.pdf","data_ultima_atualizacao":"2023-12-08T15:50:37.307023-04:00","ip":"131.108.129.96","ultima_edicao":"2023-12-08T15:49:37.316794-04:00","tipo":3,"regime_tramitacao":1,"tipo_origem_externa":null,"local_origem_externa":null,"user":44,"anexadas":[],"autores":[41]}