{"id":294,"__str__":"Indica\u00e7\u00e3o n\u00ba 103 de 2017","link_detail_backend":"/materia/294","metadata":{},"numero":103,"ano":2017,"numero_protocolo":766,"data_apresentacao":"2017-07-03","tipo_apresentacao":"E","data_publicacao":null,"numero_origem_externa":"103","ano_origem_externa":2017,"data_origem_externa":"2017-07-03","apelido":"","dias_prazo":null,"data_fim_prazo":null,"em_tramitacao":false,"polemica":false,"objeto":"","complementar":false,"ementa":"INDICA\u00c7\u00c3O N\u00ba 103/2017 - VEREADORES ULLIANE E CHICO DO INDEA - SOLICITANDO REPARO NA ESTRADA DA COMUNIDADE \u00c1GUA BOA, EM DIRE\u00c7\u00c3O AO ASSENTAMENTO CARACOL, COM ENTRADA NAS PROXIMIDADES DO FRIGOR\u00cdFICO JBS, NECESSITA DE REPAROS URGENTES, PORQUE SE ENCONTRA EM P\u00c9SSIMAS CONDI\u00c7\u00d5ES DE TRAFEGABILIDADE, DEVIDO A GRANDE QUANTIDADE DE CHUVA QUE CAIU EM NOSSO MUNIC\u00cdPIO","indexacao":"","observacao":"","resultado":"","texto_original":"http://sapl.juara.mt.leg.br/media/sapl/public/materialegislativa/2017/294/294_texto_integral.pdf","data_ultima_atualizacao":"2018-10-04T09:05:47.651866-04:00","ip":"","ultima_edicao":null,"tipo":8,"regime_tramitacao":1,"tipo_origem_externa":8,"local_origem_externa":2,"user":null,"anexadas":[],"autores":[46]}