{"id":3408,"__str__":"Mo\u00e7\u00e3o de Aplauso n\u00ba 9 de 2025","link_detail_backend":"/materia/3408","metadata":{},"numero":9,"ano":2025,"numero_protocolo":887,"data_apresentacao":"2025-05-07","tipo_apresentacao":"E","data_publicacao":null,"numero_origem_externa":"","ano_origem_externa":null,"data_origem_externa":null,"apelido":"","dias_prazo":null,"data_fim_prazo":null,"em_tramitacao":false,"polemica":false,"objeto":"","complementar":false,"ementa":"Mo\u00e7\u00e3o de Aplausos n\u00b0 004/2025- Mo\u00e7\u00e3o de Aplausos aos enfermeiros e t\u00e9cnicos de enfermagem do munic\u00edpio de Juara-MT, em homenagem ao Dia Internacional da Enfermagem, celebrado em 12 de maio.","indexacao":"","observacao":"","resultado":"","texto_original":"http://sapl.juara.mt.leg.br/media/sapl/public/materialegislativa/2025/3408/mocao_de_aplauso_004_profissionais_em_homenagem_ao_dia_internacional_da_enfermagem-1.pdf","data_ultima_atualizacao":"2025-06-27T15:06:03.886843-04:00","ip":"131.108.131.66","ultima_edicao":"2025-05-07T13:54:48.297120-04:00","tipo":23,"regime_tramitacao":1,"tipo_origem_externa":null,"local_origem_externa":null,"user":45,"anexadas":[],"autores":[140]}