{"id":3424,"__str__":"Mo\u00e7\u00e3o de Aplauso n\u00ba 11 de 2025","link_detail_backend":"/materia/3424","metadata":{},"numero":11,"ano":2025,"numero_protocolo":971,"data_apresentacao":"2025-05-14","tipo_apresentacao":"E","data_publicacao":null,"numero_origem_externa":"","ano_origem_externa":null,"data_origem_externa":null,"apelido":"","dias_prazo":null,"data_fim_prazo":null,"em_tramitacao":false,"polemica":false,"objeto":"","complementar":false,"ementa":"Mo\u00e7\u00e3o de Aplausos n\u00b0 001/2025- Mo\u00e7\u00e3o de Aplausos, aos Pastores Cleriston Souza Cavalcante, Eliel Leandro da Silva e Fabio Vieira de Jesus, l\u00edderes espirituais da Igreja Assembleia de Deus \u2013 Minist\u00e9rio Bel\u00e9m, pelos seus trabalhos dedicados, comprometidos e inspiradores junto \u00e0 comunidade juarense.","indexacao":"","observacao":"","resultado":"","texto_original":"http://sapl.juara.mt.leg.br/media/sapl/public/materialegislativa/2025/3424/mocao_de_aplauso_001_pastores_cleriston_s._cavalcante_eliel_l._da_silva_e_fabio_v._jesus.pdf","data_ultima_atualizacao":"2025-06-27T15:13:31.716188-04:00","ip":"131.108.131.66","ultima_edicao":"2025-05-14T17:24:18.141535-04:00","tipo":23,"regime_tramitacao":1,"tipo_origem_externa":null,"local_origem_externa":null,"user":45,"anexadas":[],"autores":[149]}