{"id":3435,"__str__":"Requerimento Parlamentar n\u00ba 23 de 2025","link_detail_backend":"/materia/3435","metadata":{},"numero":23,"ano":2025,"numero_protocolo":1090,"data_apresentacao":"2025-05-29","tipo_apresentacao":"E","data_publicacao":null,"numero_origem_externa":"","ano_origem_externa":null,"data_origem_externa":null,"apelido":"","dias_prazo":null,"data_fim_prazo":null,"em_tramitacao":false,"polemica":false,"objeto":"","complementar":false,"ementa":"Requerimento n\u00b0 004/2025- Requerendo ao Excelent\u00edssimo Senhor Valdinei Holanda Moraes - Prefeito Municipal, para que, por meio do setor respons\u00e1vel forne\u00e7a c\u00f3pias de todos os aditivos contratuais realizados ao Contrato n\u00ba 080/2022, celebrado com a empresa H U ALVES TRANSPORTE ESCOLAR \u2013 ME, especializada na Presta\u00e7\u00e3o de Servi\u00e7o de Transporte Escolar (Zona Rural).","indexacao":"","observacao":"","resultado":"","texto_original":"http://sapl.juara.mt.leg.br/media/sapl/public/materialegislativa/2025/3435/requerimento_004.2025_-_prefeito_requerendo_copias_de_todos_os_processos_de_reajustes_contratuais_transporte_escolar_ubelino.pdf","data_ultima_atualizacao":"2025-06-26T14:17:12.690795-04:00","ip":"131.108.131.66","ultima_edicao":"2025-05-29T18:09:30.108885-04:00","tipo":31,"regime_tramitacao":1,"tipo_origem_externa":null,"local_origem_externa":null,"user":45,"anexadas":[],"autores":[41,119,140,122]}