{"id":3785,"__str__":"Indica\u00e7\u00e3o n\u00ba 1 de 2026","link_detail_backend":"/materia/3785","metadata":{},"numero":1,"ano":2026,"numero_protocolo":102,"data_apresentacao":"2026-01-23","tipo_apresentacao":"E","data_publicacao":null,"numero_origem_externa":"","ano_origem_externa":null,"data_origem_externa":null,"apelido":"","dias_prazo":null,"data_fim_prazo":null,"em_tramitacao":true,"polemica":false,"objeto":"","complementar":false,"ementa":"Indica\u00e7\u00e3o n\u00b0 001/2026 - Indicando aos Excelent\u00edssimos Senhores Valdinei Holanda Moraes - Prefeito do Munic\u00edpio e Ma\u00edsa Figueiredo de Souza \u2013 Secret\u00e1ria Municipal de Sa\u00fade, para que avaliem a viabilidade da elabora\u00e7\u00e3o e apresenta\u00e7\u00e3o de projeto t\u00e9cnico junto ao Governo do Estado, com a finalidade de possibilitar a capta\u00e7\u00e3o de recursos financeiros de custeio destinados ao fortalecimento e \u00e0 amplia\u00e7\u00e3o das a\u00e7\u00f5es de aten\u00e7\u00e3o \u00e0s crian\u00e7as e adolescentes neurodivergentes (neuroat\u00edpicos) no \u00e2mbito do Munic\u00edpio de Juara.","indexacao":"","observacao":"","resultado":"","texto_original":"http://sapl.juara.mt.leg.br/media/sapl/public/materialegislativa/2026/3785/indicacao_001_prefeito_e_saude_fortalecimento_acoes_criancas_e_adolescentes_neuroatipicos_e_neurodivergentes.pdf","data_ultima_atualizacao":"2026-01-23T15:59:59.926734-04:00","ip":"131.108.131.66","ultima_edicao":"2026-01-23T15:59:31.359357-04:00","tipo":8,"regime_tramitacao":1,"tipo_origem_externa":null,"local_origem_externa":null,"user":56,"anexadas":[],"autores":[120]}