{"id":768,"__str__":"Projeto de Lei do Legislativo n\u00ba 17 de 2018","link_detail_backend":"/materia/768","metadata":{},"numero":17,"ano":2018,"numero_protocolo":1413,"data_apresentacao":"2018-11-12","tipo_apresentacao":"E","data_publicacao":null,"numero_origem_externa":"","ano_origem_externa":null,"data_origem_externa":null,"apelido":"","dias_prazo":null,"data_fim_prazo":null,"em_tramitacao":true,"polemica":null,"objeto":"","complementar":null,"ementa":"Projeto de Lei do Legislativo n\u00ba 017/2018 - Ficam institu\u00eddas no \u00e2mbito do munic\u00edpio de Juara as Feiras do Produtor Artesanal e d\u00e1 outras provid\u00eancias.","indexacao":"","observacao":"","resultado":"","texto_original":null,"data_ultima_atualizacao":"2018-11-12T19:29:31.670718-03:00","ip":"","ultima_edicao":null,"tipo":12,"regime_tramitacao":1,"tipo_origem_externa":null,"local_origem_externa":null,"user":null,"anexadas":[],"autores":[45]}