{"id":5137,"__str__":"Emenda Aditiva n\u00ba 2 de 2023 | Proposi\u00e7\u00e3o em Discuss\u00e3o \u00danica | 06/04/2023","link_detail_backend":"/materia/tramitacao/5137","metadata":{},"timestamp":"2023-04-06T18:57:48.730975-04:00","data_tramitacao":"2023-04-06","data_encaminhamento":"2023-04-06","urgente":false,"turno":"","texto":"Obs.: \u00danica Discuss\u00e3o.","data_fim_prazo":null,"ip":"131.108.129.66","ultima_edicao":"2023-04-06T18:56:34.797921-04:00","status":60,"materia":2167,"unidade_tramitacao_local":19,"unidade_tramitacao_destino":19,"user":44}