{"id":5301,"__str__":"OFLO N\u00ba 083/2023 - Of\u00edcio Ver. Luciano Olivetto","link_detail_backend":"/docadm/5301","metadata":{},"numero":83,"complemento":"","ano":2023,"data":"2023-03-16","interessado":"Luciano Olivetto - Vereador","dias_prazo":null,"data_fim_prazo":null,"tramitacao":true,"assunto":"Solicitando informa\u00e7\u00f5es quanto ao atendimento oferecido por Psic\u00f3logos e Terapeutas Ocupacionais (T.O.) as crian\u00e7as que apresentam Transtorno do Espectro Autista (TEA).","numero_externo":null,"observacao":"","texto_integral":"http://sapl.juara.mt.leg.br/media/sapl/private/documentoadministrativo/5301/oficio_no_083-gvlo-2023_solicitando_informacoes_atendimento_psicologo_e_terapeutas_criancas_tea.pdf","restrito":false,"ip":"131.108.129.66","ultima_edicao":"2023-03-21T18:28:09.933835-04:00","tipo":26,"protocolo":null,"autor":null,"user":44,"anexados":[],"materiasvinculadas":[]}