{"id":2139,"__str__":"Ordem do Dia/Expediente: 8 - Emenda Aditiva n\u00ba 1 de 2023 em 4\u00aa Ordin\u00e1ria da 3\u00aa Sess\u00e3o Legislativa da 10\u00aa Legislatura","link_detail_backend":"/sessao/ordemdia/2139","metadata":{},"data_ordem":"2023-03-06","observacao":"\u00danica discuss\u00e3o.\r\nPiso Salarial Base dos ocupantes do Cargo de Magist\u00e9rio P\u00fablico Municipal da Educa\u00e7\u00e3o B\u00e1sica e a Revis\u00e3o Geral Anual aos Profissionais de Educa\u00e7\u00e3o.","numero_ordem":8,"resultado":"Aprovado em \u00danica Discuss\u00e3o","tipo_votacao":2,"votacao_aberta":false,"registro_aberto":true,"sessao_plenaria":344,"materia":2140,"tramitacao":5051}